{"id":1939,"date":"2023-06-12T22:11:37","date_gmt":"2023-06-12T22:11:37","guid":{"rendered":"https:\/\/biolink.tv\/blog-fr\/?p=1939"},"modified":"2023-06-12T22:11:37","modified_gmt":"2023-06-12T22:11:37","slug":"comment-fonctionne-lactivisme","status":"publish","type":"post","link":"https:\/\/biolink.tv\/blog-fr\/comment-fonctionne-lactivisme\/","title":{"rendered":"Comment fonctionne l&rsquo;activisme ?"},"content":{"rendered":"<p>L&rsquo;activisme peut \u00eatre d\u00e9fini comme un groupe de personnes qui se r\u00e9unissent pour protester, soit pour s&rsquo;opposer \u00e0 quelque chose de sp\u00e9cifique, soit, au contraire, pour montrer leur soutien \u00e0 une proposition. L&rsquo;objectif d&rsquo;un activiste est de promouvoir des changements, non seulement au niveau politique, mais aussi au niveau religieux, \u00e9cologique, \u00e9conomique ou social.<\/p>\n<p>Ce sont l\u00e0 quelques-unes des causes qui peuvent motiver un certain groupe de personnes \u00e0 s&rsquo;organiser pour s&rsquo;exprimer contre ou en faveur de quelque chose, mais comment fonctionne l&rsquo;activisme ? Est-il vraiment possible d&rsquo;obtenir un changement gr\u00e2ce \u00e0 ces actions ? Nous vous donnons ci-dessous plus de d\u00e9tails sur le sujet.<\/p>\n<h3>Qu&rsquo;est-ce que l&rsquo;activisme ?<\/h3>\n<p>Il s&rsquo;agit d&rsquo;un mouvement dont l&rsquo;objectif est d&rsquo;obtenir un changement, qui peut \u00eatre social, religieux, \u00e9conomique, \u00e9cologique ou politique. En g\u00e9n\u00e9ral, l&rsquo;activisme est li\u00e9 aux gr\u00e8ves, ce qui n&rsquo;est pas surprenant puisque c&rsquo;est le moyen le plus courant de protestation des activistes.<\/p>\n<p>Lorsqu&rsquo;une gr\u00e8ve ou une manifestation a lieu, il en existe deux types principaux : les gr\u00e8ves pacifiques et les gr\u00e8ves violentes. Dans le cas des manifestations pacifiques, il n&rsquo;y a g\u00e9n\u00e9ralement pas d&rsquo;inconv\u00e9nients, sauf dans le cas d&rsquo;activistes extr\u00eames qui entament une gr\u00e8ve de la faim, mettant ainsi leur sant\u00e9 en danger.<\/p>\n<p>Dans le cas des manifestations violentes, une sorte de guerre s&rsquo;engage entre les manifestants et les policiers, qui s&rsquo;attaquent mutuellement. D&rsquo;une part, les manifestants exigent d&rsquo;\u00eatre entendus \u00e0 tout prix et, d&rsquo;autre part, les agents du gouvernement d\u00e9cident de mettre fin \u00e0 l&rsquo;agitation. Les deux camps finissent par s&rsquo;affronter et la sc\u00e8ne est g\u00e9n\u00e9ralement remplie de bless\u00e9s, de prisonniers, de destructions et, dans le pire des cas, de cadavres, ce qui finit sans aucun doute par nuire \u00e0 tout le monde.<\/p>\n<p>Mais alors, l&rsquo;activisme est-il une mauvaise chose ? Non, tout comme les manifestations et les gr\u00e8ves ne doivent pas \u00eatre consid\u00e9r\u00e9es comme de mauvaises choses. En th\u00e9orie, nous sommes libres de nous exprimer et de revendiquer nos droits lorsque nous estimons qu&rsquo;ils sont bafou\u00e9s. Cependant, en fonction de la situation particuli\u00e8re de chaque pays, il peut y avoir certaines cons\u00e9quences.<\/p>\n<p>Par exemple, dans le cas de pays dictatoriaux comme le Venezuela, les manifestations peuvent commencer pacifiquement, puis des manifestants non arm\u00e9s finissent par \u00eatre attaqu\u00e9s par des agents du gouvernement. Il s&rsquo;ensuit une planification des manifestations violentes, o\u00f9 les manifestants sont pr\u00eats \u00e0 se battre pour se faire entendre \u00e0 n&rsquo;importe quel prix. C&rsquo;est ainsi que le chaos s&rsquo;installe, avec un nombre incroyable de prisonniers, de bless\u00e9s et de morts. Dans ce genre de cas, l&rsquo;une des deux parties finit par c\u00e9der ou les deux parviennent \u00e0 un accord pour mettre fin au chaos.<\/p>\n<h3>Militants de renomm\u00e9e internationale<\/h3>\n<h4>Martin Luther King<\/h4>\n<p>Il s&rsquo;agit d&rsquo;un c\u00e9l\u00e8bre activiste am\u00e9ricain qui, sans aucun doute, a marqu\u00e9 l&rsquo;histoire des \u00c9tats-Unis et est devenu un authentique mod\u00e8le d&rsquo;activiste au niveau international. Caract\u00e9ris\u00e9 par ses manifestations pacifiques, principalement entre 1950 et 1960, il s&rsquo;est attach\u00e9 \u00e0 mettre fin \u00e0 la discrimination raciale dans sa lutte pour les droits civiques des Afro-Am\u00e9ricains.<\/p>\n<p>Son discours le plus important, \u00ab\u00a0I have a floor\u00a0\u00bb, lui a d&rsquo;ailleurs valu le prix Nobel de la paix en 1964.<\/p>\n<h4>Nelson Mandela<\/h4>\n<p>Militant sud-africain, Nelson Mandela s&rsquo;est \u00e9lev\u00e9 contre l&rsquo;apartheid, un syst\u00e8me politique et social fond\u00e9 sur la s\u00e9gr\u00e9gation de la population pour des raisons ethniques ou raciales, et ce syst\u00e8me \u00e9tait \u00e9galement discriminatoire \u00e0 l&rsquo;\u00e9gard de la population noire.<\/p>\n<p>Mandela a \u00e9t\u00e9 emprisonn\u00e9 \u00e0 vie, accus\u00e9 d&rsquo;incitation \u00e0 la manifestation pour avoir quitt\u00e9 son pays sans l&rsquo;autorisation du gouvernement. C&rsquo;est de sa prison qu&rsquo;il a \u00e9crit, en 1964, son c\u00e9l\u00e8bre discours \u00ab\u00a0From the dock\u00a0\u00bb, dans lequel il d\u00e9crit le r\u00eave d&rsquo;une soci\u00e9t\u00e9 d\u00e9mocratique o\u00f9 les Noirs et les Blancs b\u00e9n\u00e9ficieraient de chances \u00e9gales.<\/p>\n<p>Gr\u00e2ce \u00e0 ses actions, il r\u00e9ussit \u00e0 sortir de prison et \u00e0 devenir pr\u00e9sident en 1994. Son gouvernement est rest\u00e9 au pouvoir pendant 27 ans.<\/p>\n<h4>Susan B. Anthony<\/h4>\n<p>Cette Am\u00e9ricaine s&rsquo;est battue pour le droit de vote des femmes. Elle a rejoint le mouvement des suffragettes en 1852. Par ses discours, elle a d\u00e9fendu le droit de vote des femmes, ainsi que le droit de gagner sa vie, de poss\u00e9der des biens et d&rsquo;avoir des droits en mati\u00e8re de travail.<\/p>\n<p>Ainsi, le 18 ao\u00fbt 1920, les femmes am\u00e9ricaines ont enfin pu exercer leur droit de vote.<\/p>\n<h4>Emeline Pankhust<\/h4>\n<p>En 1889, l&rsquo;Anglaise fonde la Women&rsquo;s Franchise League, dans le but de donner le droit de vote aux femmes, entre autres, et pour laquelle elle va jusqu&rsquo;\u00e0 faire des gr\u00e8ves de la faim.<\/p>\n<p>Gr\u00e2ce \u00e0 Emeline, le droit de vote des femmes a \u00e9t\u00e9 l\u00e9galis\u00e9 en Angleterre le 2 juillet 1928.<\/p>\n<h4>En conclusion, l&rsquo;activisme est-il une bonne chose ?<\/h4>\n<p>Sans aucun doute, l&rsquo;activisme peut g\u00e9n\u00e9rer de grands changements, g\u00e9n\u00e9ralement positifs, puisqu&rsquo;ils sont g\u00e9n\u00e9ralement destin\u00e9s au bien-\u00eatre de la soci\u00e9t\u00e9 afin de r\u00e9soudre certains probl\u00e8mes.<\/p>\n<p>L&rsquo;histoire montre que les meilleures manifestations et les changements les plus profonds sont ceux qui sont obtenus par le dialogue. Ainsi, de mani\u00e8re pacifique, il est possible d&rsquo;obtenir de grands changements \u00e0 condition qu&rsquo;un grand nombre de personnes s&rsquo;unissent pour promouvoir ce changement. Mais le travail d&rsquo;un militant n&rsquo;est pas simple. Cela demande du temps, des ann\u00e9es et m\u00eame des sacrifices, mais lorsqu&rsquo;un militant s&rsquo;engage pour une cause, il tend \u00e0 g\u00e9n\u00e9rer un fort impact sur la soci\u00e9t\u00e9, ce qui conduit \u00e0 de grands r\u00e9sultats.<\/p>\n","protected":false},"excerpt":{"rendered":"<p>L&rsquo;activisme peut \u00eatre d\u00e9fini comme un groupe de personnes qui se r\u00e9unissent pour protester, soit pour s&rsquo;opposer \u00e0 quelque chose de sp\u00e9cifique, soit, au contraire, pour montrer leur soutien \u00e0 une proposition. L&rsquo;objectif d&rsquo;un activiste est de promouvoir des changements, non seulement au niveau politique, mais aussi au niveau religieux, \u00e9cologique, \u00e9conomique ou social. Ce&hellip;<\/p>\n","protected":false},"author":1,"featured_media":1940,"comment_status":"open","ping_status":"open","sticky":false,"template":"","format":"standard","meta":[],"categories":[43,44],"tags":[],"class_list":["post-1939","post","type-post","status-publish","format-standard","has-post-thumbnail","hentry","category-activism","category-government-and-politics","category-43","category-44","description-off"],"_links":{"self":[{"href":"https:\/\/biolink.tv\/blog-fr\/wp-json\/wp\/v2\/posts\/1939","targetHints":{"allow":["GET"]}}],"collection":[{"href":"https:\/\/biolink.tv\/blog-fr\/wp-json\/wp\/v2\/posts"}],"about":[{"href":"https:\/\/biolink.tv\/blog-fr\/wp-json\/wp\/v2\/types\/post"}],"author":[{"embeddable":true,"href":"https:\/\/biolink.tv\/blog-fr\/wp-json\/wp\/v2\/users\/1"}],"replies":[{"embeddable":true,"href":"https:\/\/biolink.tv\/blog-fr\/wp-json\/wp\/v2\/comments?post=1939"}],"version-history":[{"count":1,"href":"https:\/\/biolink.tv\/blog-fr\/wp-json\/wp\/v2\/posts\/1939\/revisions"}],"predecessor-version":[{"id":1941,"href":"https:\/\/biolink.tv\/blog-fr\/wp-json\/wp\/v2\/posts\/1939\/revisions\/1941"}],"wp:featuredmedia":[{"embeddable":true,"href":"https:\/\/biolink.tv\/blog-fr\/wp-json\/wp\/v2\/media\/1940"}],"wp:attachment":[{"href":"https:\/\/biolink.tv\/blog-fr\/wp-json\/wp\/v2\/media?parent=1939"}],"wp:term":[{"taxonomy":"category","embeddable":true,"href":"https:\/\/biolink.tv\/blog-fr\/wp-json\/wp\/v2\/categories?post=1939"},{"taxonomy":"post_tag","embeddable":true,"href":"https:\/\/biolink.tv\/blog-fr\/wp-json\/wp\/v2\/tags?post=1939"}],"curies":[{"name":"wp","href":"https:\/\/api.w.org\/{rel}","templated":true}]}}