{"id":2070,"date":"2023-06-13T03:58:27","date_gmt":"2023-06-13T03:58:27","guid":{"rendered":"https:\/\/biolink.tv\/blog-fr\/?p=2070"},"modified":"2023-06-13T03:58:28","modified_gmt":"2023-06-13T03:58:28","slug":"pourquoi-le-teatro-colon-est-il-si-important","status":"publish","type":"post","link":"https:\/\/biolink.tv\/blog-fr\/pourquoi-le-teatro-colon-est-il-si-important\/","title":{"rendered":"Pourquoi le Teatro Col\u00f3n est-il si important ?"},"content":{"rendered":"<p>Le Teatro Col\u00f3n est l&rsquo;un des plus connus gr\u00e2ce \u00e0 ses conditions acoustiques exceptionnelles, son important h\u00e9ritage architectural et son histoire prestigieuse. Ces caract\u00e9ristiques en font l&rsquo;un des th\u00e9\u00e2tres les plus importants au monde. Mais veux-tu savoir en d\u00e9tail pourquoi le Teatro Col\u00f3n est si important ? Nous allons te raconter son histoire.<\/p>\n<h4>L&rsquo;architecture du Teatro Col\u00f3n<\/h4>\n<p>Il s&rsquo;agit d&rsquo;un b\u00e2timent de style \u00e9clectique, datant du d\u00e9but du XXe si\u00e8cle, d&rsquo;une superficie totale de 8 202 m\u00b2, dont 5 006 m\u00b2 appartiennent au b\u00e2timent central et les 3 196 m\u00b2 restants aux salles du niveau souterrain du passage Arturo Toscanini. Au d\u00e9but, le b\u00e2timent avait une superficie totale de 37 884 m\u00b2, mais apr\u00e8s plusieurs extensions r\u00e9alis\u00e9es par l&rsquo;architecte Mario Roberto \u00c1lvarez, il a atteint une superficie totale de 58 000 m\u00b2.<\/p>\n<p>La salle principale du th\u00e9\u00e2tre a une forme de fer \u00e0 cheval, typique des th\u00e9\u00e2tres classiques d&rsquo;Italie et de France. La salle principale a une hauteur exceptionnelle de 28 m\u00e8tres, entour\u00e9e de balcons jusqu&rsquo;au troisi\u00e8me \u00e9tage. Elle a une capacit\u00e9 de 2 478 si\u00e8ges, mais il y a aussi un espace suppl\u00e9mentaire pour environ 500 personnes debout pour voir les spectacles.<\/p>\n<p>En outre, il poss\u00e8de une coupole d&rsquo;environ 318 m\u00b2, qui comportait \u00e0 l&rsquo;origine des peintures de Marcel Jambon, mais celles-ci se sont d\u00e9t\u00e9rior\u00e9es au fil des ans et, en 1960, il a \u00e9t\u00e9 d\u00e9cid\u00e9 de la restaurer. Ce travail a \u00e9t\u00e9 confi\u00e9 \u00e0 l&rsquo;artiste Raul Soldi, qui a achev\u00e9 son \u0153uvre en 1966.<\/p>\n<p>La sc\u00e8ne du Teatro Col\u00f3n a une hauteur de 48 m\u00e8tres, sur une surface de 35,25 m\u00e8tres de large et 34,50 m\u00e8tres de profondeur. Elle dispose d&rsquo;un disque rotatif de 20,30 m\u00e8tres de diam\u00e8tre, qui peut \u00eatre actionn\u00e9 \u00e9lectriquement et tourner dans n&rsquo;importe quelle direction. C&rsquo;est une solution id\u00e9ale pour changer rapidement de sc\u00e8ne. Afin d&rsquo;am\u00e9liorer et de faciliter le processus de changement de d\u00e9cor et de sc\u00e8ne, des travaux ont \u00e9t\u00e9 effectu\u00e9s en 1988 pour moderniser la sc\u00e8ne dans les grilles.<\/p>\n<p>En ce qui concerne la fosse d&rsquo;orchestre, elle a une capacit\u00e9 de 120 musiciens ; elle dispose \u00e9galement de courbes sp\u00e9ciales de r\u00e9flexion du son et d&rsquo;une chambre de r\u00e9sonance qui, avec les bonnes proportions architecturales de la salle et ses mat\u00e9riaux de qualit\u00e9, ont permis le d\u00e9veloppement d&rsquo;une acoustique qui est reconnue dans le monde entier comme l&rsquo;une des plus parfaites. C&rsquo;est pr\u00e9cis\u00e9ment ici que commence l&rsquo;importance du Teatro Col\u00f3n, dont l&rsquo;architecture est un chef-d&rsquo;\u0153uvre.<\/p>\n<h4>Histoire du Teatro Col\u00f3n<\/h4>\n<p>Il s&rsquo;agit d&rsquo;un b\u00e2timent d&rsquo;une grande valeur historique, puisqu&rsquo;il a plus de 100 ans d&rsquo;histoire. Apr\u00e8s 20 ans de construction, il a \u00e9t\u00e9 inaugur\u00e9 en 1908, avec l&rsquo;op\u00e9ra Aida de Giuseppe Verdi.<\/p>\n<p>Au d\u00e9part, il s&rsquo;agissait d&rsquo;un projet de l&rsquo;architecte Francesco Tamburini, qui est d\u00e9c\u00e9d\u00e9 en 1891. Le projet s&rsquo;est donc poursuivi avec l&rsquo;architecte Victor Meano, qui a apport\u00e9 quelques modifications, mais seulement jusqu&rsquo;en 1894, car la construction a stagn\u00e9 en raison de probl\u00e8mes financiers. C&rsquo;est apr\u00e8s la mort de Meano qu&rsquo;en 1904, le gouvernement argentin a confi\u00e9 les travaux au Belge Jules Dormal, qui a apport\u00e9 d&rsquo;autres modifications au niveau structurel, refl\u00e9tant essentiellement un style fran\u00e7ais dans les finitions.<\/p>\n<p>Bien que l&rsquo;\u00e9difice ne soit pas encore totalement achev\u00e9, il est curieux de constater que la Gran Compa\u00f1\u00eda L\u00edrica Italiana a donn\u00e9 sa premi\u00e8re repr\u00e9sentation en 1908 dans la grande salle du Teatro Col\u00f3n.<\/p>\n<h4>L&rsquo;h\u00e9ritage culturel du Teatro Col\u00f3n<\/h4>\n<p>Au d\u00e9but, le th\u00e9\u00e2tre engageait des compagnies \u00e9trang\u00e8res pour ses saisons, mais \u00e0 partir de 1925, ce n&rsquo;\u00e9tait plus n\u00e9cessaire, car il poss\u00e9dait son propre orchestre, son propre ballet et son propre ch\u0153ur, ainsi que ses propres ateliers de production. Ainsi, en 1930, le Teatro Col\u00f3n peut r\u00e9aliser ses propres saisons financ\u00e9es par la ville.<\/p>\n<p>C&rsquo;est donc en 1930 que le Teatro Col\u00f3n devient un th\u00e9\u00e2tre saisonnier ou stagione. En fait, au cours de ses plus de 110 ans d&rsquo;histoire, tous les artistes de renom ont foul\u00e9 sa sc\u00e8ne. Il n&rsquo;est donc pas surprenant que des artistes de renom tels qu&rsquo;Enrico Caruso, Maria Callas, Claudia Muzio, R\u00e9gine Crespin, Pl\u00e1cido Domingo, Birgit Nilsson et bien d&rsquo;autres s&rsquo;y soient produits.<\/p>\n<p>En outre, il est fr\u00e9quent que des compositeurs se rendent au Teatro Col\u00f3n pour diriger ou superviser la cr\u00e9ation de leurs propres \u0153uvres. Cette tradition a \u00e9t\u00e9 lanc\u00e9e par Richard Strauss, Camille Saint-Sa\u00ebns, Pietro Mascagni et Ottorino Respighi.<\/p>\n<p>De nombreux maestros de premier plan, des chefs de sc\u00e8ne et de ch\u0153ur et de nombreux solistes instrumentaux et orchestres symphoniques ont travaill\u00e9 au Teatro Col\u00f3n, atteignant de grands objectifs artistiques et offrant des soir\u00e9es inoubliables \u00e0 son public. Peu apr\u00e8s son 100e anniversaire, le Teatro Col\u00f3n a \u00e9t\u00e9 restaur\u00e9 en 2010, en conservant sa construction d&rsquo;origine et sa hi\u00e9rarchie. Cela fait de ce th\u00e9\u00e2tre la fiert\u00e9 culturelle de l&rsquo;Argentine. Il est \u00e9galement une r\u00e9f\u00e9rence exceptionnelle dans le monde entier pour la danse, l&rsquo;op\u00e9ra et la musique acad\u00e9mique.<\/p>\n","protected":false},"excerpt":{"rendered":"<p>Le Teatro Col\u00f3n est l&rsquo;un des plus connus gr\u00e2ce \u00e0 ses conditions acoustiques exceptionnelles, son important h\u00e9ritage architectural et son histoire prestigieuse. Ces caract\u00e9ristiques en font l&rsquo;un des th\u00e9\u00e2tres les plus importants au monde. Mais veux-tu savoir en d\u00e9tail pourquoi le Teatro Col\u00f3n est si important ? Nous allons te raconter son histoire. L&rsquo;architecture du&hellip;<\/p>\n","protected":false},"author":1,"featured_media":2073,"comment_status":"open","ping_status":"open","sticky":false,"template":"","format":"standard","meta":[],"categories":[68,69],"tags":[],"class_list":["post-2070","post","type-post","status-publish","format-standard","has-post-thumbnail","hentry","category-attractions","category-travel-and-tourism","category-68","category-69","description-off"],"_links":{"self":[{"href":"https:\/\/biolink.tv\/blog-fr\/wp-json\/wp\/v2\/posts\/2070","targetHints":{"allow":["GET"]}}],"collection":[{"href":"https:\/\/biolink.tv\/blog-fr\/wp-json\/wp\/v2\/posts"}],"about":[{"href":"https:\/\/biolink.tv\/blog-fr\/wp-json\/wp\/v2\/types\/post"}],"author":[{"embeddable":true,"href":"https:\/\/biolink.tv\/blog-fr\/wp-json\/wp\/v2\/users\/1"}],"replies":[{"embeddable":true,"href":"https:\/\/biolink.tv\/blog-fr\/wp-json\/wp\/v2\/comments?post=2070"}],"version-history":[{"count":1,"href":"https:\/\/biolink.tv\/blog-fr\/wp-json\/wp\/v2\/posts\/2070\/revisions"}],"predecessor-version":[{"id":2072,"href":"https:\/\/biolink.tv\/blog-fr\/wp-json\/wp\/v2\/posts\/2070\/revisions\/2072"}],"wp:featuredmedia":[{"embeddable":true,"href":"https:\/\/biolink.tv\/blog-fr\/wp-json\/wp\/v2\/media\/2073"}],"wp:attachment":[{"href":"https:\/\/biolink.tv\/blog-fr\/wp-json\/wp\/v2\/media?parent=2070"}],"wp:term":[{"taxonomy":"category","embeddable":true,"href":"https:\/\/biolink.tv\/blog-fr\/wp-json\/wp\/v2\/categories?post=2070"},{"taxonomy":"post_tag","embeddable":true,"href":"https:\/\/biolink.tv\/blog-fr\/wp-json\/wp\/v2\/tags?post=2070"}],"curies":[{"name":"wp","href":"https:\/\/api.w.org\/{rel}","templated":true}]}}